{"id":6069,"date":"2024-06-03T12:23:34","date_gmt":"2024-06-03T11:23:34","guid":{"rendered":"https:\/\/ecalfor.eu\/?p=6069"},"modified":"2024-06-03T12:23:39","modified_gmt":"2024-06-03T11:23:39","slug":"el-dr-oswaldo-lorenzo-coordinador-general-del-proyecto-ecalfor-acreditado-por-la-aneca-para-catedratico-de-universidad-en-la-rama-de-conocimiento-ciencias-sociales-y-juridicas","status":"publish","type":"post","link":"https:\/\/ecalfor.eu\/en\/el-dr-oswaldo-lorenzo-coordinador-general-del-proyecto-ecalfor-acreditado-por-la-aneca-para-catedratico-de-universidad-en-la-rama-de-conocimiento-ciencias-sociales-y-juridicas\/","title":{"rendered":"Dr. Oswaldo Lorenzo, General Coordinator of the ECALFOR Project, accredited by ANECA for University Professor in the Branch of Knowledge Social and Legal Sciences"},"content":{"rendered":"<figure class=\"wp-block-image aligncenter size-full is-resized\"><img fetchpriority=\"high\" decoding=\"async\" width=\"200\" height=\"300\" src=\"https:\/\/ecalfor.eu\/wp-content\/uploads\/2024\/06\/Oswaldo-Lorenzo-Quiles-ecalfor-200x300-1.jpg\" alt=\"Oswaldo Lorenzo Quiles Ecalfor 200x300 1\" class=\"wp-image-6070\" style=\"width:313px;height:auto\" srcset=\"https:\/\/ecalfor.eu\/wp-content\/uploads\/2024\/06\/Oswaldo-Lorenzo-Quiles-ecalfor-200x300-1.jpg 200w, https:\/\/ecalfor.eu\/wp-content\/uploads\/2024\/06\/Oswaldo-Lorenzo-Quiles-ecalfor-200x300-1-8x12.jpg 8w\" sizes=\"(max-width: 200px) 100vw, 200px\" \/><\/figure>\n\n\n\n<p class=\"wp-block-paragraph\"><\/p>\n\n\n\n<p class=\"wp-block-paragraph\">On March 4, 2024, the General Coordinator of the ECALFOR Project, Doctor Oswaldo Lorenzo, has been accredited by the National Agency for Quality Assessment and Accreditation for the position of University Professor in the Social and Legal Sciences Knowledge Branch. The decision was adopted by Commission 21 of ANECA \u2013 Educational Sciences I. The figure of university professor in Spain represents the highest category of state teaching, research and management bodies.<\/p>","protected":false},"excerpt":{"rendered":"<p>Con fecha 4 de marzo de 2024, el Coordinador General del Proyecto ECALFOR, el Doctor Oswaldo Lorenzo ha sido acreditado por la Agencia Nacional de Evaluaci\u00f3n de la Calidad y Acreditaci\u00f3n para la figura de Catedr\u00e1tico de Universidad en la Rama de Conocimiento Ciencias Sociales y Jur\u00eddicas. La decisi\u00f3n fue adoptada por la Comisi\u00f3n 21 [&hellip;]<\/p>\n","protected":false},"author":3,"featured_media":5889,"comment_status":"closed","ping_status":"closed","sticky":false,"template":"","format":"standard","meta":{"mapsvg_location":"","footnotes":""},"categories":[4],"tags":[],"class_list":["post-6069","post","type-post","status-publish","format-standard","has-post-thumbnail","hentry","category-noticias"],"_links":{"self":[{"href":"https:\/\/ecalfor.eu\/en\/wp-json\/wp\/v2\/posts\/6069","targetHints":{"allow":["GET"]}}],"collection":[{"href":"https:\/\/ecalfor.eu\/en\/wp-json\/wp\/v2\/posts"}],"about":[{"href":"https:\/\/ecalfor.eu\/en\/wp-json\/wp\/v2\/types\/post"}],"author":[{"embeddable":true,"href":"https:\/\/ecalfor.eu\/en\/wp-json\/wp\/v2\/users\/3"}],"replies":[{"embeddable":true,"href":"https:\/\/ecalfor.eu\/en\/wp-json\/wp\/v2\/comments?post=6069"}],"version-history":[{"count":2,"href":"https:\/\/ecalfor.eu\/en\/wp-json\/wp\/v2\/posts\/6069\/revisions"}],"predecessor-version":[{"id":6072,"href":"https:\/\/ecalfor.eu\/en\/wp-json\/wp\/v2\/posts\/6069\/revisions\/6072"}],"wp:featuredmedia":[{"embeddable":true,"href":"https:\/\/ecalfor.eu\/en\/wp-json\/wp\/v2\/media\/5889"}],"wp:attachment":[{"href":"https:\/\/ecalfor.eu\/en\/wp-json\/wp\/v2\/media?parent=6069"}],"wp:term":[{"taxonomy":"category","embeddable":true,"href":"https:\/\/ecalfor.eu\/en\/wp-json\/wp\/v2\/categories?post=6069"},{"taxonomy":"post_tag","embeddable":true,"href":"https:\/\/ecalfor.eu\/en\/wp-json\/wp\/v2\/tags?post=6069"}],"curies":[{"name":"wp","href":"https:\/\/api.w.org\/{rel}","templated":true}]}}