{"id":5989,"date":"2024-05-13T13:14:32","date_gmt":"2024-05-13T12:14:32","guid":{"rendered":"https:\/\/ecalfor.eu\/?p=5989"},"modified":"2024-05-14T08:59:53","modified_gmt":"2024-05-14T07:59:53","slug":"ii-encuentro-internacional-de-facultades-de-educacion-en-cartagena-de-indias","status":"publish","type":"post","link":"https:\/\/ecalfor.eu\/en\/ii-encuentro-internacional-de-facultades-de-educacion-en-cartagena-de-indias\/","title":{"rendered":"II International Meeting of Education Faculties in Cartagena de Indias"},"content":{"rendered":"<div data-elementor-type=\"wp-post\" data-elementor-id=\"5989\" class=\"elementor elementor-5989\" data-elementor-post-type=\"post\">\n\t\t\t\t\t\t<section class=\"elementor-section elementor-top-section elementor-element elementor-element-95f5800 elementor-section-boxed elementor-section-height-default elementor-section-height-default\" data-id=\"95f5800\" data-element_type=\"section\" data-e-type=\"section\">\n\t\t\t\t\t\t<div class=\"elementor-container elementor-column-gap-default\">\n\t\t\t\t\t<div class=\"elementor-column elementor-col-100 elementor-top-column elementor-element elementor-element-34a55e67\" data-id=\"34a55e67\" data-element_type=\"column\" data-e-type=\"column\">\n\t\t\t<div class=\"elementor-widget-wrap elementor-element-populated\">\n\t\t\t\t\t\t<div class=\"elementor-element elementor-element-a32e4e1 elementor-widget elementor-widget-theme-post-featured-image elementor-widget-image\" data-id=\"a32e4e1\" data-element_type=\"widget\" data-e-type=\"widget\" data-widget_type=\"theme-post-featured-image.default\">\n\t\t\t\t<div class=\"elementor-widget-container\">\n\t\t\t\t\t\t\t\t\t\t\t\t\t\t\t<img fetchpriority=\"high\" decoding=\"async\" width=\"800\" height=\"360\" src=\"https:\/\/ecalfor.eu\/wp-content\/uploads\/2024\/05\/FOTO-II-ENCUENTRO-1024x461.jpg\" class=\"attachment-large size-large wp-image-5990\" alt=\"\" srcset=\"https:\/\/ecalfor.eu\/wp-content\/uploads\/2024\/05\/FOTO-II-ENCUENTRO-1024x461.jpg 1024w, https:\/\/ecalfor.eu\/wp-content\/uploads\/2024\/05\/FOTO-II-ENCUENTRO-300x135.jpg 300w, https:\/\/ecalfor.eu\/wp-content\/uploads\/2024\/05\/FOTO-II-ENCUENTRO-768x346.jpg 768w, https:\/\/ecalfor.eu\/wp-content\/uploads\/2024\/05\/FOTO-II-ENCUENTRO-1536x691.jpg 1536w, https:\/\/ecalfor.eu\/wp-content\/uploads\/2024\/05\/FOTO-II-ENCUENTRO-18x8.jpg 18w, https:\/\/ecalfor.eu\/wp-content\/uploads\/2024\/05\/FOTO-II-ENCUENTRO.jpg 1600w\" sizes=\"(max-width: 800px) 100vw, 800px\" \/>\t\t\t\t\t\t\t\t\t\t\t\t\t\t\t<\/div>\n\t\t\t\t<\/div>\n\t\t\t\t<div class=\"elementor-element elementor-element-4382df8f elementor-widget elementor-widget-text-editor\" data-id=\"4382df8f\" data-element_type=\"widget\" data-e-type=\"widget\" data-widget_type=\"text-editor.default\">\n\t\t\t\t<div class=\"elementor-widget-container\">\n\t\t\t\t\t\t\t\t\t<p><\/p>\n<p><\/p>\n<p class=\"has-text-align-left wp-block-paragraph\">On March 5 and 6, the II International Meeting of Education Faculties took place in Cartagena de Indias, Colombia. The Faculty of Education of the Technological University of Bol\u00edvar and the Faculty of Educational and Sports Sciences of Melilla participated in it within the framework of the ECALFOR Project (Evaluation of teacher training in Latin America and the Caribbean).<\/p>\n<p><\/p>\n<p><\/p>\n<p class=\"wp-block-paragraph\">Website of the II Meeting:\u00a0<a style=\"font-family: var( --e-global-typography-text-font-family ), Sans-serif; font-weight: var( --e-global-typography-text-font-weight ); background-color: #ffffff;\" href=\"https:\/\/wpd.ugr.es\/~tcecolombia\/segunda-edicion\/\" target=\"_blank\" rel=\"noopener\">https:\/\/wpd.ugr.es\/~tcecolombia\/segunda-edicion\/<\/a><\/p>\t\t\t\t\t\t\t\t<\/div>\n\t\t\t\t<\/div>\n\t\t\t\t\t<\/div>\n\t\t<\/div>\n\t\t\t\t\t<\/div>\n\t\t<\/section>\n\t\t\t\t<\/div>","protected":false},"excerpt":{"rendered":"<p>El pasado 5 y 6 de marzo tuvo lugar el II Encuentro Internacional de Facultades de Educaci\u00f3n en Cartagena de Indias, Colombia. En \u00e9l participaron la Facultad de Educaci\u00f3n de la Universidad Tecnol\u00f3gica de Bol\u00edvar y la Facultad de Ciencias de la Educaci\u00f3n y del Deporte de Melilla en el marco del Proyecto ECALFOR (Evaluaci\u00f3n [&hellip;]<\/p>\n","protected":false},"author":3,"featured_media":5990,"comment_status":"closed","ping_status":"","sticky":false,"template":"","format":"standard","meta":{"mapsvg_location":"","footnotes":""},"categories":[4],"tags":[],"class_list":["post-5989","post","type-post","status-publish","format-standard","has-post-thumbnail","hentry","category-noticias"],"_links":{"self":[{"href":"https:\/\/ecalfor.eu\/en\/wp-json\/wp\/v2\/posts\/5989","targetHints":{"allow":["GET"]}}],"collection":[{"href":"https:\/\/ecalfor.eu\/en\/wp-json\/wp\/v2\/posts"}],"about":[{"href":"https:\/\/ecalfor.eu\/en\/wp-json\/wp\/v2\/types\/post"}],"author":[{"embeddable":true,"href":"https:\/\/ecalfor.eu\/en\/wp-json\/wp\/v2\/users\/3"}],"replies":[{"embeddable":true,"href":"https:\/\/ecalfor.eu\/en\/wp-json\/wp\/v2\/comments?post=5989"}],"version-history":[{"count":18,"href":"https:\/\/ecalfor.eu\/en\/wp-json\/wp\/v2\/posts\/5989\/revisions"}],"predecessor-version":[{"id":6011,"href":"https:\/\/ecalfor.eu\/en\/wp-json\/wp\/v2\/posts\/5989\/revisions\/6011"}],"wp:featuredmedia":[{"embeddable":true,"href":"https:\/\/ecalfor.eu\/en\/wp-json\/wp\/v2\/media\/5990"}],"wp:attachment":[{"href":"https:\/\/ecalfor.eu\/en\/wp-json\/wp\/v2\/media?parent=5989"}],"wp:term":[{"taxonomy":"category","embeddable":true,"href":"https:\/\/ecalfor.eu\/en\/wp-json\/wp\/v2\/categories?post=5989"},{"taxonomy":"post_tag","embeddable":true,"href":"https:\/\/ecalfor.eu\/en\/wp-json\/wp\/v2\/tags?post=5989"}],"curies":[{"name":"wp","href":"https:\/\/api.w.org\/{rel}","templated":true}]}}