{"id":5937,"date":"2023-12-18T15:36:17","date_gmt":"2023-12-18T14:36:17","guid":{"rendered":"https:\/\/ecalfor.eu\/?p=5937"},"modified":"2023-12-18T15:36:17","modified_gmt":"2023-12-18T14:36:17","slug":"el-coordinador-general-de-ecalfor-participa-en-la-reunion-del-consejo-europeo-de-educacion-de-la-union-europea","status":"publish","type":"post","link":"https:\/\/ecalfor.eu\/en\/el-coordinador-general-de-ecalfor-participa-en-la-reunion-del-consejo-europeo-de-educacion-de-la-union-europea\/","title":{"rendered":"The general coordinator of ECALFOR participates in the meeting of the European Education Council of the European Union"},"content":{"rendered":"<p class=\"wp-block-paragraph\">The general coordinator of ECALFOR participates in the meeting of the European Council of Education of the European Union, under the Spanish presidency, presenting the ECALFOR project together with the Dean of the Faculty of Education and Sports Sciences of Melilla. The presentation took place at the Hospital del Rey (Melilla, Spain), on December 15, 2023.<\/p>\n\n\n<figure class=\"wp-block-post-featured-image\"><img fetchpriority=\"high\" decoding=\"async\" width=\"1170\" height=\"877\" src=\"https:\/\/ecalfor.eu\/wp-content\/uploads\/2023\/12\/fotos-oswaldo.jpg\" class=\"attachment-post-thumbnail size-post-thumbnail wp-post-image\" alt=\"Fotos Oswaldo\" style=\"object-fit:cover;\" srcset=\"https:\/\/ecalfor.eu\/wp-content\/uploads\/2023\/12\/fotos-oswaldo.jpg 1170w, https:\/\/ecalfor.eu\/wp-content\/uploads\/2023\/12\/fotos-oswaldo-300x225.jpg 300w, https:\/\/ecalfor.eu\/wp-content\/uploads\/2023\/12\/fotos-oswaldo-1024x768.jpg 1024w, https:\/\/ecalfor.eu\/wp-content\/uploads\/2023\/12\/fotos-oswaldo-768x576.jpg 768w, https:\/\/ecalfor.eu\/wp-content\/uploads\/2023\/12\/fotos-oswaldo-16x12.jpg 16w\" sizes=\"(max-width: 1170px) 100vw, 1170px\" \/><\/figure>\n\n\n<figure class=\"wp-block-image size-large\"><img decoding=\"async\" width=\"1024\" height=\"575\" src=\"https:\/\/ecalfor.eu\/wp-content\/uploads\/2023\/12\/oswaldo-y-lucia-1024x575.jpg\" alt=\"Oswaldo Y Lucia\" class=\"wp-image-5939\" srcset=\"https:\/\/ecalfor.eu\/wp-content\/uploads\/2023\/12\/oswaldo-y-lucia-1024x575.jpg 1024w, https:\/\/ecalfor.eu\/wp-content\/uploads\/2023\/12\/oswaldo-y-lucia-300x168.jpg 300w, https:\/\/ecalfor.eu\/wp-content\/uploads\/2023\/12\/oswaldo-y-lucia-768x431.jpg 768w, https:\/\/ecalfor.eu\/wp-content\/uploads\/2023\/12\/oswaldo-y-lucia-18x10.jpg 18w, https:\/\/ecalfor.eu\/wp-content\/uploads\/2023\/12\/oswaldo-y-lucia.jpg 1170w\" sizes=\"(max-width: 1024px) 100vw, 1024px\" \/><\/figure>","protected":false},"excerpt":{"rendered":"<p>El coordinador general de ECALFOR participa en la reuni\u00f3n del Consejo Europeo de Educaci\u00f3n de la Uni\u00f3n Europea, bajo la presidencia espa\u00f1ola, presentando el proyecto ECALFOR junto con la Decana de la Facultad de Ciencias de la Educaci\u00f3n y del Deporte de Melilla. La presentaci\u00f3n tuvo lugar en el Hospital del Rey (Melilla, Espa\u00f1a), el [&hellip;]<\/p>\n","protected":false},"author":3,"featured_media":5938,"comment_status":"closed","ping_status":"","sticky":false,"template":"","format":"standard","meta":{"mapsvg_location":"","footnotes":""},"categories":[4],"tags":[],"class_list":["post-5937","post","type-post","status-publish","format-standard","has-post-thumbnail","hentry","category-noticias"],"_links":{"self":[{"href":"https:\/\/ecalfor.eu\/en\/wp-json\/wp\/v2\/posts\/5937","targetHints":{"allow":["GET"]}}],"collection":[{"href":"https:\/\/ecalfor.eu\/en\/wp-json\/wp\/v2\/posts"}],"about":[{"href":"https:\/\/ecalfor.eu\/en\/wp-json\/wp\/v2\/types\/post"}],"author":[{"embeddable":true,"href":"https:\/\/ecalfor.eu\/en\/wp-json\/wp\/v2\/users\/3"}],"replies":[{"embeddable":true,"href":"https:\/\/ecalfor.eu\/en\/wp-json\/wp\/v2\/comments?post=5937"}],"version-history":[{"count":1,"href":"https:\/\/ecalfor.eu\/en\/wp-json\/wp\/v2\/posts\/5937\/revisions"}],"predecessor-version":[{"id":5940,"href":"https:\/\/ecalfor.eu\/en\/wp-json\/wp\/v2\/posts\/5937\/revisions\/5940"}],"wp:featuredmedia":[{"embeddable":true,"href":"https:\/\/ecalfor.eu\/en\/wp-json\/wp\/v2\/media\/5938"}],"wp:attachment":[{"href":"https:\/\/ecalfor.eu\/en\/wp-json\/wp\/v2\/media?parent=5937"}],"wp:term":[{"taxonomy":"category","embeddable":true,"href":"https:\/\/ecalfor.eu\/en\/wp-json\/wp\/v2\/categories?post=5937"},{"taxonomy":"post_tag","embeddable":true,"href":"https:\/\/ecalfor.eu\/en\/wp-json\/wp\/v2\/tags?post=5937"}],"curies":[{"name":"wp","href":"https:\/\/api.w.org\/{rel}","templated":true}]}}