{"id":5930,"date":"2023-12-05T13:55:05","date_gmt":"2023-12-05T12:55:05","guid":{"rendered":"https:\/\/ecalfor.eu\/?p=5930"},"modified":"2023-12-05T13:55:05","modified_gmt":"2023-12-05T12:55:05","slug":"visita-de-monitoreo-del-proyecto-ecalfor-en-isae-universidad-en-panama","status":"publish","type":"post","link":"https:\/\/ecalfor.eu\/en\/visita-de-monitoreo-del-proyecto-ecalfor-en-isae-universidad-en-panama\/","title":{"rendered":"Monitoring visit of the ECALFOR project at ISAE University in Panama"},"content":{"rendered":"<p class=\"wp-block-paragraph\">On Thursday, November 23, 2023, a monitoring meeting of the ECALFOR project by those responsible for Capacity Building projects of the European Union took place at ISAE Universidad (Panama City). The General Coordinator of ECALFOR, Oswaldo Lorenzo, also attended this meeting and had great participation from the authorities of ISAE University. The presidents of the meeting, the Rector, Vice-Rectors and the person responsible for organizing the meeting, Professor Ulina Mapp, attended.<\/p>\n\n\n<figure class=\"wp-block-post-featured-image\"><img fetchpriority=\"high\" decoding=\"async\" width=\"2560\" height=\"1707\" src=\"https:\/\/ecalfor.eu\/wp-content\/uploads\/2023\/12\/IMAGEN-PARA-NOTICIA-ISAE-scaled.jpg\" class=\"attachment-post-thumbnail size-post-thumbnail wp-post-image\" alt=\"Imagen Para Noticia Isae\" style=\"object-fit:cover;\" srcset=\"https:\/\/ecalfor.eu\/wp-content\/uploads\/2023\/12\/IMAGEN-PARA-NOTICIA-ISAE-scaled.jpg 2560w, https:\/\/ecalfor.eu\/wp-content\/uploads\/2023\/12\/IMAGEN-PARA-NOTICIA-ISAE-300x200.jpg 300w, https:\/\/ecalfor.eu\/wp-content\/uploads\/2023\/12\/IMAGEN-PARA-NOTICIA-ISAE-1024x683.jpg 1024w, https:\/\/ecalfor.eu\/wp-content\/uploads\/2023\/12\/IMAGEN-PARA-NOTICIA-ISAE-768x512.jpg 768w, https:\/\/ecalfor.eu\/wp-content\/uploads\/2023\/12\/IMAGEN-PARA-NOTICIA-ISAE-1536x1024.jpg 1536w, https:\/\/ecalfor.eu\/wp-content\/uploads\/2023\/12\/IMAGEN-PARA-NOTICIA-ISAE-2048x1365.jpg 2048w, https:\/\/ecalfor.eu\/wp-content\/uploads\/2023\/12\/IMAGEN-PARA-NOTICIA-ISAE-18x12.jpg 18w\" sizes=\"(max-width: 2560px) 100vw, 2560px\" \/><\/figure>","protected":false},"excerpt":{"rendered":"<p>El jueves 23 de noviembre de 2023 tuvo lugar en ISAE Universidad (Ciudad de Panam\u00e1) una reuni\u00f3n de monitoreo del proyecto ECALFOR por parte de los responsables de proyectos de Capacity Building de la Uni\u00f3n Europea. A dicha reuni\u00f3n asisti\u00f3 tambi\u00e9n el Coordinador General de ECALFOR, Oswaldo Lorenzo, y tuvo una gran participaci\u00f3n de las [&hellip;]<\/p>\n","protected":false},"author":3,"featured_media":5931,"comment_status":"closed","ping_status":"","sticky":false,"template":"","format":"standard","meta":{"mapsvg_location":"","footnotes":""},"categories":[4],"tags":[],"class_list":["post-5930","post","type-post","status-publish","format-standard","has-post-thumbnail","hentry","category-noticias"],"_links":{"self":[{"href":"https:\/\/ecalfor.eu\/en\/wp-json\/wp\/v2\/posts\/5930","targetHints":{"allow":["GET"]}}],"collection":[{"href":"https:\/\/ecalfor.eu\/en\/wp-json\/wp\/v2\/posts"}],"about":[{"href":"https:\/\/ecalfor.eu\/en\/wp-json\/wp\/v2\/types\/post"}],"author":[{"embeddable":true,"href":"https:\/\/ecalfor.eu\/en\/wp-json\/wp\/v2\/users\/3"}],"replies":[{"embeddable":true,"href":"https:\/\/ecalfor.eu\/en\/wp-json\/wp\/v2\/comments?post=5930"}],"version-history":[{"count":1,"href":"https:\/\/ecalfor.eu\/en\/wp-json\/wp\/v2\/posts\/5930\/revisions"}],"predecessor-version":[{"id":5932,"href":"https:\/\/ecalfor.eu\/en\/wp-json\/wp\/v2\/posts\/5930\/revisions\/5932"}],"wp:featuredmedia":[{"embeddable":true,"href":"https:\/\/ecalfor.eu\/en\/wp-json\/wp\/v2\/media\/5931"}],"wp:attachment":[{"href":"https:\/\/ecalfor.eu\/en\/wp-json\/wp\/v2\/media?parent=5930"}],"wp:term":[{"taxonomy":"category","embeddable":true,"href":"https:\/\/ecalfor.eu\/en\/wp-json\/wp\/v2\/categories?post=5930"},{"taxonomy":"post_tag","embeddable":true,"href":"https:\/\/ecalfor.eu\/en\/wp-json\/wp\/v2\/tags?post=5930"}],"curies":[{"name":"wp","href":"https:\/\/api.w.org\/{rel}","templated":true}]}}