{"id":5925,"date":"2023-11-23T10:18:13","date_gmt":"2023-11-23T09:18:13","guid":{"rendered":"https:\/\/ecalfor.eu\/?p=5925"},"modified":"2023-11-23T10:18:13","modified_gmt":"2023-11-23T09:18:13","slug":"semana-regional-erasmus-en-america-latina-y-el-caribe","status":"publish","type":"post","link":"https:\/\/ecalfor.eu\/en\/semana-regional-erasmus-en-america-latina-y-el-caribe\/","title":{"rendered":"Erasmus+ Regional Week in Latin America and the Caribbean"},"content":{"rendered":"<p class=\"wp-block-paragraph\">The General Coordinator of ECALFOR, along with several members of the project, were active participants in the first Erasmus+ Regional Week in Latin America and the Caribbean, held from November 20 to 22 in Panama City, Panama.<\/p>\n\n\n\n<p class=\"wp-block-paragraph\">This event was established as a strategic convergence point for three different, but intrinsically interconnected, activities, jointly forming the cornerstone of the Erasmus+ Regional Week. These activities included the Annual Regional Meeting of the ENFP (Education and Vocational Training), the Regional Meeting of Thematic Groups and the Contact Seminars.<\/p>\n\n\n\n<p class=\"wp-block-paragraph\">The active participation of the ECALFOR team in this international initiative highlights its continued commitment not only to regional cooperation, but also to global cooperation in educational matters. This meeting provided a unique space for the exchange of ideas, the discussion of innovative approaches and the strengthening of networks that will promote the development of joint projects in the field of education in Latin America and the Caribbean.<\/p>\n\n\n<figure class=\"wp-block-post-featured-image\"><img fetchpriority=\"high\" decoding=\"async\" width=\"2048\" height=\"1536\" src=\"https:\/\/ecalfor.eu\/wp-content\/uploads\/2023\/11\/WhatsApp-Image-2023-11-22-at-18.03.09.jpeg\" class=\"attachment-post-thumbnail size-post-thumbnail wp-post-image\" alt=\"Whatsapp Image 2023 11 22 At 18.03.09\" style=\"object-fit:cover;\" srcset=\"https:\/\/ecalfor.eu\/wp-content\/uploads\/2023\/11\/WhatsApp-Image-2023-11-22-at-18.03.09.jpeg 2048w, https:\/\/ecalfor.eu\/wp-content\/uploads\/2023\/11\/WhatsApp-Image-2023-11-22-at-18.03.09-300x225.jpeg 300w, https:\/\/ecalfor.eu\/wp-content\/uploads\/2023\/11\/WhatsApp-Image-2023-11-22-at-18.03.09-1024x768.jpeg 1024w, https:\/\/ecalfor.eu\/wp-content\/uploads\/2023\/11\/WhatsApp-Image-2023-11-22-at-18.03.09-768x576.jpeg 768w, https:\/\/ecalfor.eu\/wp-content\/uploads\/2023\/11\/WhatsApp-Image-2023-11-22-at-18.03.09-1536x1152.jpeg 1536w, https:\/\/ecalfor.eu\/wp-content\/uploads\/2023\/11\/WhatsApp-Image-2023-11-22-at-18.03.09-16x12.jpeg 16w\" sizes=\"(max-width: 2048px) 100vw, 2048px\" \/><\/figure>","protected":false},"excerpt":{"rendered":"<p>El Coordinador General de ECALFOR, junto a varios miembros del proyecto fueron part\u00edcipes activos de la primera Semana Regional Erasmus+ en Am\u00e9rica Latina y el Caribe, llevada a cabo del 20 al 22 de noviembre en la ciudad de Panam\u00e1, Panam\u00e1. Este evento se erigi\u00f3 como un punto de convergencia estrat\u00e9gico para tres actividades distintas, [&hellip;]<\/p>\n","protected":false},"author":3,"featured_media":5926,"comment_status":"closed","ping_status":"","sticky":false,"template":"","format":"standard","meta":{"mapsvg_location":"","footnotes":""},"categories":[4],"tags":[],"class_list":["post-5925","post","type-post","status-publish","format-standard","has-post-thumbnail","hentry","category-noticias"],"_links":{"self":[{"href":"https:\/\/ecalfor.eu\/en\/wp-json\/wp\/v2\/posts\/5925","targetHints":{"allow":["GET"]}}],"collection":[{"href":"https:\/\/ecalfor.eu\/en\/wp-json\/wp\/v2\/posts"}],"about":[{"href":"https:\/\/ecalfor.eu\/en\/wp-json\/wp\/v2\/types\/post"}],"author":[{"embeddable":true,"href":"https:\/\/ecalfor.eu\/en\/wp-json\/wp\/v2\/users\/3"}],"replies":[{"embeddable":true,"href":"https:\/\/ecalfor.eu\/en\/wp-json\/wp\/v2\/comments?post=5925"}],"version-history":[{"count":1,"href":"https:\/\/ecalfor.eu\/en\/wp-json\/wp\/v2\/posts\/5925\/revisions"}],"predecessor-version":[{"id":5927,"href":"https:\/\/ecalfor.eu\/en\/wp-json\/wp\/v2\/posts\/5925\/revisions\/5927"}],"wp:featuredmedia":[{"embeddable":true,"href":"https:\/\/ecalfor.eu\/en\/wp-json\/wp\/v2\/media\/5926"}],"wp:attachment":[{"href":"https:\/\/ecalfor.eu\/en\/wp-json\/wp\/v2\/media?parent=5925"}],"wp:term":[{"taxonomy":"category","embeddable":true,"href":"https:\/\/ecalfor.eu\/en\/wp-json\/wp\/v2\/categories?post=5925"},{"taxonomy":"post_tag","embeddable":true,"href":"https:\/\/ecalfor.eu\/en\/wp-json\/wp\/v2\/tags?post=5925"}],"curies":[{"name":"wp","href":"https:\/\/api.w.org\/{rel}","templated":true}]}}