{"id":5911,"date":"2023-11-02T09:51:46","date_gmt":"2023-11-02T08:51:46","guid":{"rendered":"https:\/\/ecalfor.eu\/?p=5911"},"modified":"2023-11-02T09:52:34","modified_gmt":"2023-11-02T08:52:34","slug":"el-proyecto-ecalfor-en-el-xxvi-congreso-nacional-de-abem","status":"publish","type":"post","link":"https:\/\/ecalfor.eu\/en\/el-proyecto-ecalfor-en-el-xxvi-congreso-nacional-de-abem\/","title":{"rendered":"The ECALFOR project at the XXVI National Congress of ABEM"},"content":{"rendered":"<p class=\"wp-block-paragraph\">The coordinator of the Ecalfor project, Dr. Oswaldo Lorenzo, presents the Ecalfor project at the XXVI National Congress of ABEM, which took place from October 29 to November 2, 2023 at the Federal University of Ouro Preto (Brazil). Ecalfor professors Dr. Johanna Abril (UDLA-Ecuador) and Dr. Jo\u00e3o Quadros (UFOP-Brazil) also participated in the presentation.<\/p>\n\n\n<figure class=\"wp-block-post-featured-image\"><img fetchpriority=\"high\" decoding=\"async\" width=\"1400\" height=\"1858\" src=\"https:\/\/ecalfor.eu\/wp-content\/uploads\/2023\/11\/foto-ecalfor-Brasil.jpg\" class=\"attachment-post-thumbnail size-post-thumbnail wp-post-image\" alt=\"Foto Ecalfor Brasil\" style=\"object-fit:cover;\" srcset=\"https:\/\/ecalfor.eu\/wp-content\/uploads\/2023\/11\/foto-ecalfor-Brasil.jpg 1400w, https:\/\/ecalfor.eu\/wp-content\/uploads\/2023\/11\/foto-ecalfor-Brasil-226x300.jpg 226w, https:\/\/ecalfor.eu\/wp-content\/uploads\/2023\/11\/foto-ecalfor-Brasil-772x1024.jpg 772w, https:\/\/ecalfor.eu\/wp-content\/uploads\/2023\/11\/foto-ecalfor-Brasil-768x1019.jpg 768w, https:\/\/ecalfor.eu\/wp-content\/uploads\/2023\/11\/foto-ecalfor-Brasil-1157x1536.jpg 1157w, https:\/\/ecalfor.eu\/wp-content\/uploads\/2023\/11\/foto-ecalfor-Brasil-9x12.jpg 9w\" sizes=\"(max-width: 1400px) 100vw, 1400px\" \/><\/figure>","protected":false},"excerpt":{"rendered":"<p>El coordinador del proyecto Ecalfor, Dr. Oswaldo Lorenzo, presenta el proyecto Ecalfor en el XXVI Congreso Nacional de ABEM, que tuvo lugar los d\u00edas 29 de octubre a 2 de noviembre de 2023 en la Universidad Federal de Ouro Preto (Brasil). En la presentaci\u00f3n participaron tambi\u00e9n los profesores de Ecalfor Dra. Johanna Abril (UDLA-Ecuador) y [&hellip;]<\/p>\n","protected":false},"author":3,"featured_media":5912,"comment_status":"closed","ping_status":"","sticky":false,"template":"","format":"standard","meta":{"mapsvg_location":"","footnotes":""},"categories":[4],"tags":[],"class_list":["post-5911","post","type-post","status-publish","format-standard","has-post-thumbnail","hentry","category-noticias"],"_links":{"self":[{"href":"https:\/\/ecalfor.eu\/en\/wp-json\/wp\/v2\/posts\/5911","targetHints":{"allow":["GET"]}}],"collection":[{"href":"https:\/\/ecalfor.eu\/en\/wp-json\/wp\/v2\/posts"}],"about":[{"href":"https:\/\/ecalfor.eu\/en\/wp-json\/wp\/v2\/types\/post"}],"author":[{"embeddable":true,"href":"https:\/\/ecalfor.eu\/en\/wp-json\/wp\/v2\/users\/3"}],"replies":[{"embeddable":true,"href":"https:\/\/ecalfor.eu\/en\/wp-json\/wp\/v2\/comments?post=5911"}],"version-history":[{"count":1,"href":"https:\/\/ecalfor.eu\/en\/wp-json\/wp\/v2\/posts\/5911\/revisions"}],"predecessor-version":[{"id":5913,"href":"https:\/\/ecalfor.eu\/en\/wp-json\/wp\/v2\/posts\/5911\/revisions\/5913"}],"wp:featuredmedia":[{"embeddable":true,"href":"https:\/\/ecalfor.eu\/en\/wp-json\/wp\/v2\/media\/5912"}],"wp:attachment":[{"href":"https:\/\/ecalfor.eu\/en\/wp-json\/wp\/v2\/media?parent=5911"}],"wp:term":[{"taxonomy":"category","embeddable":true,"href":"https:\/\/ecalfor.eu\/en\/wp-json\/wp\/v2\/categories?post=5911"},{"taxonomy":"post_tag","embeddable":true,"href":"https:\/\/ecalfor.eu\/en\/wp-json\/wp\/v2\/tags?post=5911"}],"curies":[{"name":"wp","href":"https:\/\/api.w.org\/{rel}","templated":true}]}}