{"id":5884,"date":"2023-10-02T07:56:50","date_gmt":"2023-10-02T06:56:50","guid":{"rendered":"https:\/\/ecalfor.eu\/?p=5884"},"modified":"2023-10-03T10:45:35","modified_gmt":"2023-10-03T09:45:35","slug":"el-coordinador-general-del-proyecto-ecalfor-acude-al-4o-congreso-caribeno-de-investigacion-educativa-ccie","status":"publish","type":"post","link":"https:\/\/ecalfor.eu\/en\/el-coordinador-general-del-proyecto-ecalfor-acude-al-4o-congreso-caribeno-de-investigacion-educativa-ccie\/","title":{"rendered":"The General Coordinator of the ECALFOR project attends the 4th Caribbean Congress of Educational Research (CCIE)"},"content":{"rendered":"<p class=\"wp-block-paragraph\">The general coordinator of the ECALFOR project, Dr. Oswaldo Lorenzo, gives the conference &quot;Multiculturalism in compulsory education classrooms&quot; at the 4th Caribbean Congress on Educational Research (CCIE), Punta Cana (Dominican Republic), October 7, 2023. Organized by the Salom\u00e9 Ure\u00f1a Higher Institute of Teacher Training (ISFODOSU), in conjunction with the Caribbean Journal of Educational Research (RECIE) and allied institutions, this event will be held in person, in Punta Cana, Dominican Republic, on October 5, 6 and 7, 2023.<\/p>\n\n\n\n<figure class=\"wp-block-embed\"><div class=\"wp-block-embed__wrapper\">\nhttps:\/\/congresos.isfodosu.edu.do\/index.php\/ccie\/conferencistas?fbclid=IwAR0VWVYtOXwctmgvTGTa7qsWP5NjkeWG8oalTU1K_CF3MzhJFxSsaJ5eHdw\n<\/div><\/figure>\n\n\n<figure class=\"wp-block-post-featured-image\"><img fetchpriority=\"high\" decoding=\"async\" width=\"1707\" height=\"2560\" src=\"https:\/\/ecalfor.eu\/wp-content\/uploads\/2023\/10\/Foto-Oswaldo-Lorenzo-scaled.jpg\" class=\"attachment-post-thumbnail size-post-thumbnail wp-post-image\" alt=\"Foto Oswaldo Lorenzo\" style=\"object-fit:cover;\" srcset=\"https:\/\/ecalfor.eu\/wp-content\/uploads\/2023\/10\/Foto-Oswaldo-Lorenzo-scaled.jpg 1707w, https:\/\/ecalfor.eu\/wp-content\/uploads\/2023\/10\/Foto-Oswaldo-Lorenzo-200x300.jpg 200w, https:\/\/ecalfor.eu\/wp-content\/uploads\/2023\/10\/Foto-Oswaldo-Lorenzo-683x1024.jpg 683w, https:\/\/ecalfor.eu\/wp-content\/uploads\/2023\/10\/Foto-Oswaldo-Lorenzo-768x1152.jpg 768w, https:\/\/ecalfor.eu\/wp-content\/uploads\/2023\/10\/Foto-Oswaldo-Lorenzo-1024x1536.jpg 1024w, https:\/\/ecalfor.eu\/wp-content\/uploads\/2023\/10\/Foto-Oswaldo-Lorenzo-1365x2048.jpg 1365w, https:\/\/ecalfor.eu\/wp-content\/uploads\/2023\/10\/Foto-Oswaldo-Lorenzo-8x12.jpg 8w\" sizes=\"(max-width: 1707px) 100vw, 1707px\" \/><\/figure>","protected":false},"excerpt":{"rendered":"<p>El coordinador general del proyecto ECALFOR, Dr. Oswaldo Lorenzo, imparte la conferencia \u00abMulticulturalidad en las aulas de educaci\u00f3n obligatoria\u00bb en el 4to. Congreso Caribe\u00f1o de Investigaci\u00f3n Educativa (CCIE), Punta Cana (Rep\u00fablica Dominicana), 7 de octubre de 2023. Organizado por el Instituto Superior de Formaci\u00f3n Docente Salom\u00e9 Ure\u00f1a (ISFODOSU), en conjunto con la Revista Caribe\u00f1a de [&hellip;]<\/p>\n","protected":false},"author":3,"featured_media":5889,"comment_status":"closed","ping_status":"","sticky":false,"template":"","format":"standard","meta":{"mapsvg_location":"","footnotes":""},"categories":[4],"tags":[],"class_list":["post-5884","post","type-post","status-publish","format-standard","has-post-thumbnail","hentry","category-noticias"],"_links":{"self":[{"href":"https:\/\/ecalfor.eu\/en\/wp-json\/wp\/v2\/posts\/5884","targetHints":{"allow":["GET"]}}],"collection":[{"href":"https:\/\/ecalfor.eu\/en\/wp-json\/wp\/v2\/posts"}],"about":[{"href":"https:\/\/ecalfor.eu\/en\/wp-json\/wp\/v2\/types\/post"}],"author":[{"embeddable":true,"href":"https:\/\/ecalfor.eu\/en\/wp-json\/wp\/v2\/users\/3"}],"replies":[{"embeddable":true,"href":"https:\/\/ecalfor.eu\/en\/wp-json\/wp\/v2\/comments?post=5884"}],"version-history":[{"count":2,"href":"https:\/\/ecalfor.eu\/en\/wp-json\/wp\/v2\/posts\/5884\/revisions"}],"predecessor-version":[{"id":5890,"href":"https:\/\/ecalfor.eu\/en\/wp-json\/wp\/v2\/posts\/5884\/revisions\/5890"}],"wp:featuredmedia":[{"embeddable":true,"href":"https:\/\/ecalfor.eu\/en\/wp-json\/wp\/v2\/media\/5889"}],"wp:attachment":[{"href":"https:\/\/ecalfor.eu\/en\/wp-json\/wp\/v2\/media?parent=5884"}],"wp:term":[{"taxonomy":"category","embeddable":true,"href":"https:\/\/ecalfor.eu\/en\/wp-json\/wp\/v2\/categories?post=5884"},{"taxonomy":"post_tag","embeddable":true,"href":"https:\/\/ecalfor.eu\/en\/wp-json\/wp\/v2\/tags?post=5884"}],"curies":[{"name":"wp","href":"https:\/\/api.w.org\/{rel}","templated":true}]}}