{"id":5877,"date":"2023-08-31T19:38:02","date_gmt":"2023-08-31T18:38:02","guid":{"rendered":"https:\/\/ecalfor.eu\/?p=5877"},"modified":"2023-08-31T19:38:02","modified_gmt":"2023-08-31T18:38:02","slug":"la-universidad-federico-enriquez-y-carvajal-ufhec-celebra-el-congreso-estudiantil-de-investigacion-cientifica-y-tecnologica-ceicyt-2023","status":"publish","type":"post","link":"https:\/\/ecalfor.eu\/en\/la-universidad-federico-enriquez-y-carvajal-ufhec-celebra-el-congreso-estudiantil-de-investigacion-cientifica-y-tecnologica-ceicyt-2023\/","title":{"rendered":"The Federico Enriquez y Carvajal University (UFHEC) celebrates the Student Congress of Scientific and Technological Research CEICyT 2023"},"content":{"rendered":"<p class=\"wp-block-paragraph\">The Student Congress of Scientific and Technological Research CEICyT 2023 is one of the most important scientific events in the Dominican Republic. This year, in its eighth version, the Social Sciences and Humanistic Sciences are included. The VIII CEICyT will be held on September 13 and 14, with headquarters at the Federico Henr\u00edquez y Carvajal University, UFHEC.<\/p>\n\n\n\n<p class=\"wp-block-paragraph\">To attend as a participant or listener, you must contact the vice-chancellor or research department of your university and send your registration form via email, see instructions at\u00a0<strong><a href=\"https:\/\/www.ceicyt.do\/blank-1\">inscription<\/a><\/strong>\u00a0and\u00a0<strong><a href=\"https:\/\/www.ceicyt.do\/sometimiento-de-trabajos\">submission of work.<\/a><\/strong><\/p>\n\n\n\n<p class=\"wp-block-paragraph\">For more information: https:\/\/www.ceicyt.do\/<\/p>\n\n\n<figure class=\"wp-block-post-featured-image\"><img fetchpriority=\"high\" decoding=\"async\" width=\"772\" height=\"218\" src=\"https:\/\/ecalfor.eu\/wp-content\/uploads\/2023\/08\/CEICYT.png\" class=\"attachment-post-thumbnail size-post-thumbnail wp-post-image\" alt=\"Ceicyt\" style=\"object-fit:cover;\" srcset=\"https:\/\/ecalfor.eu\/wp-content\/uploads\/2023\/08\/CEICYT.png 772w, https:\/\/ecalfor.eu\/wp-content\/uploads\/2023\/08\/CEICYT-300x85.png 300w, https:\/\/ecalfor.eu\/wp-content\/uploads\/2023\/08\/CEICYT-768x217.png 768w, https:\/\/ecalfor.eu\/wp-content\/uploads\/2023\/08\/CEICYT-18x5.png 18w\" sizes=\"(max-width: 772px) 100vw, 772px\" \/><\/figure>","protected":false},"excerpt":{"rendered":"<p>El Congreso Estudiantil de Investigaci\u00f3n Cient\u00edfica y Tecnol\u00f3gica CEICyT 2023, es uno de los eventos cient\u00edficos m\u00e1s importantes de la Rep\u00fablica Dominicana. Este a\u00f1o en su octava versi\u00f3n, se incluyen las Ciencias Sociales y las Ciencias Human\u00edsticas. El VIII CEICyT se celebrar\u00e1 los d\u00edas 13 y 14 de septiembre, con sede la Universidad Federico Henr\u00edquez [&hellip;]<\/p>\n","protected":false},"author":3,"featured_media":5878,"comment_status":"closed","ping_status":"","sticky":false,"template":"","format":"standard","meta":{"mapsvg_location":"","footnotes":""},"categories":[4],"tags":[],"class_list":["post-5877","post","type-post","status-publish","format-standard","has-post-thumbnail","hentry","category-noticias"],"_links":{"self":[{"href":"https:\/\/ecalfor.eu\/en\/wp-json\/wp\/v2\/posts\/5877","targetHints":{"allow":["GET"]}}],"collection":[{"href":"https:\/\/ecalfor.eu\/en\/wp-json\/wp\/v2\/posts"}],"about":[{"href":"https:\/\/ecalfor.eu\/en\/wp-json\/wp\/v2\/types\/post"}],"author":[{"embeddable":true,"href":"https:\/\/ecalfor.eu\/en\/wp-json\/wp\/v2\/users\/3"}],"replies":[{"embeddable":true,"href":"https:\/\/ecalfor.eu\/en\/wp-json\/wp\/v2\/comments?post=5877"}],"version-history":[{"count":1,"href":"https:\/\/ecalfor.eu\/en\/wp-json\/wp\/v2\/posts\/5877\/revisions"}],"predecessor-version":[{"id":5879,"href":"https:\/\/ecalfor.eu\/en\/wp-json\/wp\/v2\/posts\/5877\/revisions\/5879"}],"wp:featuredmedia":[{"embeddable":true,"href":"https:\/\/ecalfor.eu\/en\/wp-json\/wp\/v2\/media\/5878"}],"wp:attachment":[{"href":"https:\/\/ecalfor.eu\/en\/wp-json\/wp\/v2\/media?parent=5877"}],"wp:term":[{"taxonomy":"category","embeddable":true,"href":"https:\/\/ecalfor.eu\/en\/wp-json\/wp\/v2\/categories?post=5877"},{"taxonomy":"post_tag","embeddable":true,"href":"https:\/\/ecalfor.eu\/en\/wp-json\/wp\/v2\/tags?post=5877"}],"curies":[{"name":"wp","href":"https:\/\/api.w.org\/{rel}","templated":true}]}}