{"id":5671,"date":"2023-03-27T10:07:55","date_gmt":"2023-03-27T09:07:55","guid":{"rendered":"https:\/\/ecalfor.eu\/?p=5671"},"modified":"2023-03-27T10:19:49","modified_gmt":"2023-03-27T09:19:49","slug":"el-proyecto-ecalfor-es-presentado-por-el-coordinador-general-en-la-universidade-federal-de-ouro-preto-brasil","status":"publish","type":"post","link":"https:\/\/ecalfor.eu\/en\/el-proyecto-ecalfor-es-presentado-por-el-coordinador-general-en-la-universidade-federal-de-ouro-preto-brasil\/","title":{"rendered":"The General Coordinator presents the ECALFOR project at the Federal University of Ouro Preto, Brazil"},"content":{"rendered":"<p class=\"wp-block-paragraph\">The General Coordinator of the ECALFOR project, Dr. Oswaldo Lorenzo Quiles, has visited the Federal University of Ouro Preto to make a presentation of the ECALFOR project, promoting its scope and dissemination. He held a meeting with the Vice Rector General (Prof. Herminio Arias Nalini Junior) and the Director of International Relations of the Federal University of Ouro Preto (UFOP-Brasil), Anderson Antonio Gamarano, together with Professor Joao Fortunato Soares, from UFOP, and professors from other universities in the United States, Poland and Argentina, to continue improving and working on the objectives of the project.<\/p>\n\n\n<figure class=\"wp-block-post-featured-image\"><img fetchpriority=\"high\" decoding=\"async\" width=\"1024\" height=\"766\" src=\"https:\/\/ecalfor.eu\/wp-content\/uploads\/2023\/03\/foto-brasil.jpeg\" class=\"attachment-post-thumbnail size-post-thumbnail wp-post-image\" alt=\"Foto Brasil\" style=\"object-fit:cover;\" srcset=\"https:\/\/ecalfor.eu\/wp-content\/uploads\/2023\/03\/foto-brasil.jpeg 1024w, https:\/\/ecalfor.eu\/wp-content\/uploads\/2023\/03\/foto-brasil-300x224.jpeg 300w, https:\/\/ecalfor.eu\/wp-content\/uploads\/2023\/03\/foto-brasil-768x575.jpeg 768w, https:\/\/ecalfor.eu\/wp-content\/uploads\/2023\/03\/foto-brasil-16x12.jpeg 16w\" sizes=\"(max-width: 1024px) 100vw, 1024px\" \/><\/figure>","protected":false},"excerpt":{"rendered":"<p>El Coordinador General del proyecto ECALFOR, el Dr. Oswaldo Lorenzo Quiles ha visitado la Universidade Federal de Ouro Preto para realizar una presentaci\u00f3n del proyecto ECALFOR, impulsando el alcance y la difusi\u00f3n del mismo. Ha mantenido una reuni\u00f3n con el Vicerrector General (Prof. Herminio Arias Nalini Junior) y el Director de Relaciones Internacionales de la [&hellip;]<\/p>\n","protected":false},"author":3,"featured_media":5672,"comment_status":"closed","ping_status":"","sticky":false,"template":"","format":"standard","meta":{"mapsvg_location":"","footnotes":""},"categories":[4],"tags":[],"class_list":["post-5671","post","type-post","status-publish","format-standard","has-post-thumbnail","hentry","category-noticias"],"_links":{"self":[{"href":"https:\/\/ecalfor.eu\/en\/wp-json\/wp\/v2\/posts\/5671","targetHints":{"allow":["GET"]}}],"collection":[{"href":"https:\/\/ecalfor.eu\/en\/wp-json\/wp\/v2\/posts"}],"about":[{"href":"https:\/\/ecalfor.eu\/en\/wp-json\/wp\/v2\/types\/post"}],"author":[{"embeddable":true,"href":"https:\/\/ecalfor.eu\/en\/wp-json\/wp\/v2\/users\/3"}],"replies":[{"embeddable":true,"href":"https:\/\/ecalfor.eu\/en\/wp-json\/wp\/v2\/comments?post=5671"}],"version-history":[{"count":2,"href":"https:\/\/ecalfor.eu\/en\/wp-json\/wp\/v2\/posts\/5671\/revisions"}],"predecessor-version":[{"id":5679,"href":"https:\/\/ecalfor.eu\/en\/wp-json\/wp\/v2\/posts\/5671\/revisions\/5679"}],"wp:featuredmedia":[{"embeddable":true,"href":"https:\/\/ecalfor.eu\/en\/wp-json\/wp\/v2\/media\/5672"}],"wp:attachment":[{"href":"https:\/\/ecalfor.eu\/en\/wp-json\/wp\/v2\/media?parent=5671"}],"wp:term":[{"taxonomy":"category","embeddable":true,"href":"https:\/\/ecalfor.eu\/en\/wp-json\/wp\/v2\/categories?post=5671"},{"taxonomy":"post_tag","embeddable":true,"href":"https:\/\/ecalfor.eu\/en\/wp-json\/wp\/v2\/tags?post=5671"}],"curies":[{"name":"wp","href":"https:\/\/api.w.org\/{rel}","templated":true}]}}