{"id":5226,"date":"2022-12-14T11:34:44","date_gmt":"2022-12-14T10:34:44","guid":{"rendered":"https:\/\/ecalfor.eu\/?p=5226"},"modified":"2023-02-10T10:54:42","modified_gmt":"2023-02-10T09:54:42","slug":"reunion-presencial-del-proyecto-ecalfor-en-melilla","status":"publish","type":"post","link":"https:\/\/ecalfor.eu\/en\/reunion-presencial-del-proyecto-ecalfor-en-melilla\/","title":{"rendered":"Face-to-face meeting of the ECALFOR project in Melilla"},"content":{"rendered":"<p class=\"wp-block-paragraph\">Last May, the first Plenary Meeting of the ECALFOR project took place at the University of Granada (Melilla Campus). It was also used to hold meetings of the Coordination Commission, the Quality Commission and the Latin American and Caribbean Assembly. It was a very fruitful meeting, where important debates were held from which conclusions were obtained to continue creating strategies to improve the Quality of Higher Education.<\/p>\n\n\n\n<h2 class=\"wp-block-heading\"><\/h2>\n\n\n<figure class=\"wp-block-post-featured-image\"><img fetchpriority=\"high\" decoding=\"async\" width=\"2560\" height=\"1920\" src=\"https:\/\/ecalfor.eu\/wp-content\/uploads\/2022\/12\/IMG_1707-scaled.jpg\" class=\"attachment-post-thumbnail size-post-thumbnail wp-post-image\" alt=\"Img 1707\" style=\"object-fit:cover;\" srcset=\"https:\/\/ecalfor.eu\/wp-content\/uploads\/2022\/12\/IMG_1707-scaled.jpg 2560w, https:\/\/ecalfor.eu\/wp-content\/uploads\/2022\/12\/IMG_1707-300x225.jpg 300w, https:\/\/ecalfor.eu\/wp-content\/uploads\/2022\/12\/IMG_1707-1024x768.jpg 1024w, https:\/\/ecalfor.eu\/wp-content\/uploads\/2022\/12\/IMG_1707-768x576.jpg 768w, https:\/\/ecalfor.eu\/wp-content\/uploads\/2022\/12\/IMG_1707-1536x1152.jpg 1536w, https:\/\/ecalfor.eu\/wp-content\/uploads\/2022\/12\/IMG_1707-2048x1536.jpg 2048w, https:\/\/ecalfor.eu\/wp-content\/uploads\/2022\/12\/IMG_1707-16x12.jpg 16w\" sizes=\"(max-width: 2560px) 100vw, 2560px\" \/><\/figure>","protected":false},"excerpt":{"rendered":"<p>El pasado mes de mayo tuvo lugar en la Universidad de Granada (Campus de Melilla), la primera Reuni\u00f3n Plenaria del proyecto ECALFOR. Se aprovech\u00f3 tambi\u00e9n para realizar reuniones de la Comisi\u00f3n de Coordinaci\u00f3n, la Comisi\u00f3n de Calidad y la Asamblea Latinoamericana y Caribe\u00f1a. Fue un encuentro muy fruct\u00edfero, donde se realizaron importantes debates de los [&hellip;]<\/p>\n","protected":false},"author":3,"featured_media":5227,"comment_status":"closed","ping_status":"closed","sticky":false,"template":"","format":"standard","meta":{"mapsvg_location":"","footnotes":""},"categories":[4],"tags":[],"class_list":["post-5226","post","type-post","status-publish","format-standard","has-post-thumbnail","hentry","category-noticias"],"_links":{"self":[{"href":"https:\/\/ecalfor.eu\/en\/wp-json\/wp\/v2\/posts\/5226","targetHints":{"allow":["GET"]}}],"collection":[{"href":"https:\/\/ecalfor.eu\/en\/wp-json\/wp\/v2\/posts"}],"about":[{"href":"https:\/\/ecalfor.eu\/en\/wp-json\/wp\/v2\/types\/post"}],"author":[{"embeddable":true,"href":"https:\/\/ecalfor.eu\/en\/wp-json\/wp\/v2\/users\/3"}],"replies":[{"embeddable":true,"href":"https:\/\/ecalfor.eu\/en\/wp-json\/wp\/v2\/comments?post=5226"}],"version-history":[{"count":1,"href":"https:\/\/ecalfor.eu\/en\/wp-json\/wp\/v2\/posts\/5226\/revisions"}],"predecessor-version":[{"id":5228,"href":"https:\/\/ecalfor.eu\/en\/wp-json\/wp\/v2\/posts\/5226\/revisions\/5228"}],"wp:featuredmedia":[{"embeddable":true,"href":"https:\/\/ecalfor.eu\/en\/wp-json\/wp\/v2\/media\/5227"}],"wp:attachment":[{"href":"https:\/\/ecalfor.eu\/en\/wp-json\/wp\/v2\/media?parent=5226"}],"wp:term":[{"taxonomy":"category","embeddable":true,"href":"https:\/\/ecalfor.eu\/en\/wp-json\/wp\/v2\/categories?post=5226"},{"taxonomy":"post_tag","embeddable":true,"href":"https:\/\/ecalfor.eu\/en\/wp-json\/wp\/v2\/tags?post=5226"}],"curies":[{"name":"wp","href":"https:\/\/api.w.org\/{rel}","templated":true}]}}