{"id":5126,"date":"2022-11-04T13:25:32","date_gmt":"2022-11-04T12:25:32","guid":{"rendered":"https:\/\/ecalfor.eu\/?p=5126"},"modified":"2023-02-10T10:54:42","modified_gmt":"2023-02-10T09:54:42","slug":"el-proyecto-ecalfor-colabora-en-el-congreso-internacional-sociedad-digital-y-tic-en-melilla","status":"publish","type":"post","link":"https:\/\/ecalfor.eu\/en\/el-proyecto-ecalfor-colabora-en-el-congreso-internacional-sociedad-digital-y-tic-en-melilla\/","title":{"rendered":"The ECALFOR project collaborates in the International Digital Society and ICT Congress in Melilla"},"content":{"rendered":"<p class=\"wp-block-paragraph\">The International Conference &quot;Digital Society and ICT&quot; will take place on November 25 and 26, 2022, at the Faculty of Education and Sports Sciences of Melilla, University of Granada (coordinating institution of the ECALFOR project). <a rel=\"noreferrer noopener\" href=\"https:\/\/wpd.ugr.es\/~innotic\/\" target=\"_blank\">https:\/\/wpd.ugr.es\/~innotic\/<\/a>. <\/p>\n\n\n\n<p class=\"wp-block-paragraph\">The best papers presented will be published in a book by an international publisher indexed in Q1 in the SPI ranking.<\/p>\n\n\n\n<p class=\"wp-block-paragraph\">It will be co-financed with up to 450 euros (to cover travel and accommodation expenses) for the first 40 registered, provided that they travel expressly to Melilla to attend the congress.<\/p>\n\n\n\n<p class=\"wp-block-paragraph\">We encourage the university community to visit our city, Melilla, a multicultural city with a rich heritage of modernist architecture; to learn about our university, the Melilla Faculty of Education and Sports Sciences, which is commemorating its 90th anniversary in 2022; and to participate in the various workshops, seminars, presentations, and other events included in the program of the International Conference &quot;Digital Society and ICT.&quot;<\/p>\n\n\n<figure class=\"wp-block-post-featured-image\"><img fetchpriority=\"high\" decoding=\"async\" width=\"819\" height=\"1024\" src=\"https:\/\/ecalfor.eu\/wp-content\/uploads\/2022\/11\/Congreso-Sociedad-Digital-y-TIC_page-0001-1-819x1024-1.jpg\" class=\"attachment-post-thumbnail size-post-thumbnail wp-post-image\" alt=\"Congreso Sociedad Digital Y Tic Page 0001 1 819x1024\" style=\"object-fit:cover;\" srcset=\"https:\/\/ecalfor.eu\/wp-content\/uploads\/2022\/11\/Congreso-Sociedad-Digital-y-TIC_page-0001-1-819x1024-1.jpg 819w, https:\/\/ecalfor.eu\/wp-content\/uploads\/2022\/11\/Congreso-Sociedad-Digital-y-TIC_page-0001-1-819x1024-1-240x300.jpg 240w, https:\/\/ecalfor.eu\/wp-content\/uploads\/2022\/11\/Congreso-Sociedad-Digital-y-TIC_page-0001-1-819x1024-1-768x960.jpg 768w, https:\/\/ecalfor.eu\/wp-content\/uploads\/2022\/11\/Congreso-Sociedad-Digital-y-TIC_page-0001-1-819x1024-1-10x12.jpg 10w\" sizes=\"(max-width: 819px) 100vw, 819px\" \/><\/figure>","protected":false},"excerpt":{"rendered":"<p>Los d\u00edas 25 y 26 de noviembre de 2022 tendr\u00e1 lugar, en la Facultad de Ciencias de la Educaci\u00f3n y del Deporte de Melilla, Universidad de Granada (instituci\u00f3n coordinadora del proyecto ECALFOR) &nbsp;el Congreso Internacional \u00abSociedad Digital y TIC\u00bb https:\/\/wpd.ugr.es\/~innotic\/. Los mejores trabajos presentados ser\u00e1n publicados en un libro de editorial internacional indexada en Q1 [&hellip;]<\/p>\n","protected":false},"author":3,"featured_media":5271,"comment_status":"closed","ping_status":"closed","sticky":false,"template":"","format":"standard","meta":{"mapsvg_location":"","footnotes":""},"categories":[4],"tags":[],"class_list":["post-5126","post","type-post","status-publish","format-standard","has-post-thumbnail","hentry","category-noticias"],"_links":{"self":[{"href":"https:\/\/ecalfor.eu\/en\/wp-json\/wp\/v2\/posts\/5126","targetHints":{"allow":["GET"]}}],"collection":[{"href":"https:\/\/ecalfor.eu\/en\/wp-json\/wp\/v2\/posts"}],"about":[{"href":"https:\/\/ecalfor.eu\/en\/wp-json\/wp\/v2\/types\/post"}],"author":[{"embeddable":true,"href":"https:\/\/ecalfor.eu\/en\/wp-json\/wp\/v2\/users\/3"}],"replies":[{"embeddable":true,"href":"https:\/\/ecalfor.eu\/en\/wp-json\/wp\/v2\/comments?post=5126"}],"version-history":[{"count":2,"href":"https:\/\/ecalfor.eu\/en\/wp-json\/wp\/v2\/posts\/5126\/revisions"}],"predecessor-version":[{"id":5272,"href":"https:\/\/ecalfor.eu\/en\/wp-json\/wp\/v2\/posts\/5126\/revisions\/5272"}],"wp:featuredmedia":[{"embeddable":true,"href":"https:\/\/ecalfor.eu\/en\/wp-json\/wp\/v2\/media\/5271"}],"wp:attachment":[{"href":"https:\/\/ecalfor.eu\/en\/wp-json\/wp\/v2\/media?parent=5126"}],"wp:term":[{"taxonomy":"category","embeddable":true,"href":"https:\/\/ecalfor.eu\/en\/wp-json\/wp\/v2\/categories?post=5126"},{"taxonomy":"post_tag","embeddable":true,"href":"https:\/\/ecalfor.eu\/en\/wp-json\/wp\/v2\/tags?post=5126"}],"curies":[{"name":"wp","href":"https:\/\/api.w.org\/{rel}","templated":true}]}}