{"id":4154,"date":"2021-10-08T11:59:16","date_gmt":"2021-10-08T10:59:16","guid":{"rendered":"https:\/\/ecalfor.eu\/?p=4154"},"modified":"2023-02-10T10:54:43","modified_gmt":"2023-02-10T09:54:43","slug":"congreso-internacional-de-investigacion-desarrollo-e-innovacion-en-educacion-tecnologica","status":"publish","type":"post","link":"https:\/\/ecalfor.eu\/en\/congreso-internacional-de-investigacion-desarrollo-e-innovacion-en-educacion-tecnologica\/","title":{"rendered":"International Congress of Research, Development and Innovation in Technological Education"},"content":{"rendered":"<p class=\"wp-block-paragraph\">From the ECALFOR project, we are pleased to report that within the framework of your&nbsp;<strong>45th Anniversary<\/strong>, the Tecnol\u00f3gico Nacional de M\u00e9xico campus&nbsp;<strong>Interdisciplinary Center for Research and Teaching in Technical Education<\/strong>; partner of our consortium:<\/p>\n\n\n\n<h1 class=\"wp-block-heading\"><strong>CALL<\/strong><\/h1>\n\n\n\n<p class=\"wp-block-paragraph\">To researchers, professors, students and all those interested in presenting, analyzing and discussing research, development and innovation contributions in technological education, in the:<\/p>\n\n\n\n<p class=\"wp-block-paragraph\"><strong>C<\/strong>ongress&nbsp;<strong>I<\/strong>international of&nbsp;<strong>I<\/strong>nresearch,&nbsp;<strong>D<\/strong>development and&nbsp;<strong>I<\/strong>nnovation in&nbsp;<strong>AND<\/strong>ducation&nbsp;<strong>T<\/strong>ecological<\/p>\n\n\n\n<p class=\"has-text-align-center wp-block-paragraph\"><em>Towards a new educational environment<\/em><br><\/p>\n\n\n\n<h1 class=\"wp-block-heading\"><strong>CIIDIET 2021<\/strong><\/h1>\n\n\n\n<p class=\"wp-block-paragraph\">Virtual mode<\/p>\n\n\n\n<p class=\"wp-block-paragraph\">That will be developed online from&nbsp;<strong>November 24-26, 2021<\/strong>, in Quer\u00e9taro, Qro., Mexico.<\/p>\n\n\n\n<div class=\"wp-block-group is-layout-flow wp-block-group-is-layout-flow\">\n<figure class=\"wp-block-image size-large\"><img fetchpriority=\"high\" decoding=\"async\" width=\"663\" height=\"1024\" src=\"https:\/\/ecalfor.eu\/wp-content\/uploads\/2021\/10\/Cartel-45-congreso_page-0001-1-663x1024.jpg\" alt=\"Cartel 45 Congreso Page 0001 1\" class=\"wp-image-4161\" srcset=\"https:\/\/ecalfor.eu\/wp-content\/uploads\/2021\/10\/Cartel-45-congreso_page-0001-1-663x1024.jpg 663w, https:\/\/ecalfor.eu\/wp-content\/uploads\/2021\/10\/Cartel-45-congreso_page-0001-1-194x300.jpg 194w, https:\/\/ecalfor.eu\/wp-content\/uploads\/2021\/10\/Cartel-45-congreso_page-0001-1-768x1187.jpg 768w, https:\/\/ecalfor.eu\/wp-content\/uploads\/2021\/10\/Cartel-45-congreso_page-0001-1-994x1536.jpg 994w, https:\/\/ecalfor.eu\/wp-content\/uploads\/2021\/10\/Cartel-45-congreso_page-0001-1-1325x2048.jpg 1325w, https:\/\/ecalfor.eu\/wp-content\/uploads\/2021\/10\/Cartel-45-congreso_page-0001-1.jpg 1650w\" sizes=\"(max-width: 663px) 100vw, 663px\" \/><\/figure>\n<\/div>\n\n\n\n<figure class=\"wp-block-image size-large\"><img decoding=\"async\" width=\"663\" height=\"1024\" src=\"https:\/\/ecalfor.eu\/wp-content\/uploads\/2021\/10\/Cartel-panel_page-0001-663x1024.jpg\" alt=\"Cartel Panel Page 0001\" class=\"wp-image-4157\" srcset=\"https:\/\/ecalfor.eu\/wp-content\/uploads\/2021\/10\/Cartel-panel_page-0001-663x1024.jpg 663w, https:\/\/ecalfor.eu\/wp-content\/uploads\/2021\/10\/Cartel-panel_page-0001-194x300.jpg 194w, https:\/\/ecalfor.eu\/wp-content\/uploads\/2021\/10\/Cartel-panel_page-0001-768x1187.jpg 768w, https:\/\/ecalfor.eu\/wp-content\/uploads\/2021\/10\/Cartel-panel_page-0001-994x1536.jpg 994w, https:\/\/ecalfor.eu\/wp-content\/uploads\/2021\/10\/Cartel-panel_page-0001-1325x2048.jpg 1325w, https:\/\/ecalfor.eu\/wp-content\/uploads\/2021\/10\/Cartel-panel_page-0001.jpg 1650w\" sizes=\"(max-width: 663px) 100vw, 663px\" \/><\/figure>","protected":false},"excerpt":{"rendered":"<p>Desde el proyecto ECALFOR, tenemos el placer de informar que en el marco de su&nbsp;45 Aniversario, el Tecnol\u00f3gico Nacional de M\u00e9xico campus&nbsp;Centro Interdisciplinario de Investigaci\u00f3n y Docencia en Educaci\u00f3n T\u00e9cnica; socio de nuestro consorcio: CONVOCA A investigadores, profesores, estudiantes y todos los interesados en presentar, analizar y discutir aportaciones de investigaci\u00f3n, desarrollo e innovaci\u00f3n en [&hellip;]<\/p>\n","protected":false},"author":3,"featured_media":4155,"comment_status":"closed","ping_status":"closed","sticky":false,"template":"","format":"standard","meta":{"mapsvg_location":"","footnotes":""},"categories":[4],"tags":[],"class_list":["post-4154","post","type-post","status-publish","format-standard","has-post-thumbnail","hentry","category-noticias"],"_links":{"self":[{"href":"https:\/\/ecalfor.eu\/en\/wp-json\/wp\/v2\/posts\/4154","targetHints":{"allow":["GET"]}}],"collection":[{"href":"https:\/\/ecalfor.eu\/en\/wp-json\/wp\/v2\/posts"}],"about":[{"href":"https:\/\/ecalfor.eu\/en\/wp-json\/wp\/v2\/types\/post"}],"author":[{"embeddable":true,"href":"https:\/\/ecalfor.eu\/en\/wp-json\/wp\/v2\/users\/3"}],"replies":[{"embeddable":true,"href":"https:\/\/ecalfor.eu\/en\/wp-json\/wp\/v2\/comments?post=4154"}],"version-history":[{"count":3,"href":"https:\/\/ecalfor.eu\/en\/wp-json\/wp\/v2\/posts\/4154\/revisions"}],"predecessor-version":[{"id":4163,"href":"https:\/\/ecalfor.eu\/en\/wp-json\/wp\/v2\/posts\/4154\/revisions\/4163"}],"wp:featuredmedia":[{"embeddable":true,"href":"https:\/\/ecalfor.eu\/en\/wp-json\/wp\/v2\/media\/4155"}],"wp:attachment":[{"href":"https:\/\/ecalfor.eu\/en\/wp-json\/wp\/v2\/media?parent=4154"}],"wp:term":[{"taxonomy":"category","embeddable":true,"href":"https:\/\/ecalfor.eu\/en\/wp-json\/wp\/v2\/categories?post=4154"},{"taxonomy":"post_tag","embeddable":true,"href":"https:\/\/ecalfor.eu\/en\/wp-json\/wp\/v2\/tags?post=4154"}],"curies":[{"name":"wp","href":"https:\/\/api.w.org\/{rel}","templated":true}]}}