{"id":4146,"date":"2021-10-08T11:33:53","date_gmt":"2021-10-08T10:33:53","guid":{"rendered":"https:\/\/ecalfor.eu\/?p=4146"},"modified":"2023-02-10T10:54:43","modified_gmt":"2023-02-10T09:54:43","slug":"4146","status":"publish","type":"post","link":"https:\/\/ecalfor.eu\/en\/4146\/","title":{"rendered":"Dr. Delva Batista Mendieta reelected Executive Secretary of the CAB"},"content":{"rendered":"<p class=\"wp-block-paragraph\">On behalf of the ECALFOR Consortium, congratulate Dr. Delva Batista Mendieta for her recent reelection as Executive Secretary of the Organization of the Andr\u00e9s Bello Agreement for Educational, Scientific, Technological and Cultural Integration (CAB).<br><a rel=\"noreferrer noopener\" href=\"https:\/\/convenioandresbello.org\/cab\/\" target=\"_blank\">https:\/\/convenioandresbello.org\/cab\/<\/a><\/p>\n\n\n\n<p class=\"wp-block-paragraph\">We are convinced that the renewal of the mandate of Dr. Batista comes from the excellent work carried out so far in the management of the CAB, which, without a doubt, will be continued in the coming years.<\/p>\n\n\n\n<p class=\"wp-block-paragraph\">It is also good news for ECALFOR because of the guarantee it represents in the continuity of the CAB&#039;s participation in the project.<\/p>\n\n\n\n<p class=\"wp-block-paragraph\">&nbsp;<\/p>\n\n\n\n<figure class=\"wp-block-image size-full\"><img fetchpriority=\"high\" decoding=\"async\" width=\"600\" height=\"900\" src=\"https:\/\/ecalfor.eu\/wp-content\/uploads\/2021\/10\/delvaa-1.jpg\" alt=\"Delvaa 1\" class=\"wp-image-4164\" srcset=\"https:\/\/ecalfor.eu\/wp-content\/uploads\/2021\/10\/delvaa-1.jpg 600w, https:\/\/ecalfor.eu\/wp-content\/uploads\/2021\/10\/delvaa-1-200x300.jpg 200w\" sizes=\"(max-width: 600px) 100vw, 600px\" \/><\/figure>","protected":false},"excerpt":{"rendered":"<p>Felicitar en nombre del Consorcio ECALFOR a la Dra. Delva Batista Mendieta por su reciente reelecci\u00f3n como Secretaria Ejecutiva de la Organizaci\u00f3n del Convenio Andr\u00e9s Bello de Integraci\u00f3n Educativa, Cient\u00edfica, Tecnol\u00f3gica y Cultural (CAB).https:\/\/convenioandresbello.org\/cab\/ Estamos convencidos de que la renovaci\u00f3n del mandato de la Dra. Batista proviene de la excelente labor desarrollada hasta ahora en [&hellip;]<\/p>\n","protected":false},"author":3,"featured_media":4150,"comment_status":"closed","ping_status":"closed","sticky":false,"template":"","format":"standard","meta":{"mapsvg_location":"","footnotes":""},"categories":[4],"tags":[],"class_list":["post-4146","post","type-post","status-publish","format-standard","has-post-thumbnail","hentry","category-noticias"],"_links":{"self":[{"href":"https:\/\/ecalfor.eu\/en\/wp-json\/wp\/v2\/posts\/4146","targetHints":{"allow":["GET"]}}],"collection":[{"href":"https:\/\/ecalfor.eu\/en\/wp-json\/wp\/v2\/posts"}],"about":[{"href":"https:\/\/ecalfor.eu\/en\/wp-json\/wp\/v2\/types\/post"}],"author":[{"embeddable":true,"href":"https:\/\/ecalfor.eu\/en\/wp-json\/wp\/v2\/users\/3"}],"replies":[{"embeddable":true,"href":"https:\/\/ecalfor.eu\/en\/wp-json\/wp\/v2\/comments?post=4146"}],"version-history":[{"count":3,"href":"https:\/\/ecalfor.eu\/en\/wp-json\/wp\/v2\/posts\/4146\/revisions"}],"predecessor-version":[{"id":4166,"href":"https:\/\/ecalfor.eu\/en\/wp-json\/wp\/v2\/posts\/4146\/revisions\/4166"}],"wp:featuredmedia":[{"embeddable":true,"href":"https:\/\/ecalfor.eu\/en\/wp-json\/wp\/v2\/media\/4150"}],"wp:attachment":[{"href":"https:\/\/ecalfor.eu\/en\/wp-json\/wp\/v2\/media?parent=4146"}],"wp:term":[{"taxonomy":"category","embeddable":true,"href":"https:\/\/ecalfor.eu\/en\/wp-json\/wp\/v2\/categories?post=4146"},{"taxonomy":"post_tag","embeddable":true,"href":"https:\/\/ecalfor.eu\/en\/wp-json\/wp\/v2\/tags?post=4146"}],"curies":[{"name":"wp","href":"https:\/\/api.w.org\/{rel}","templated":true}]}}